{"id":177,"date":"2022-05-08T22:12:48","date_gmt":"2022-05-09T01:12:48","guid":{"rendered":"https:\/\/www.embramaco.com.br\/blog\/?p=177"},"modified":"2022-08-17T08:06:02","modified_gmt":"2022-08-17T11:06:02","slug":"embramaco-leva-expo-revestir-para-o-metaverso-saiba-mais-sobre-essa-inovacao","status":"publish","type":"post","link":"https:\/\/www.embramaco.com.br\/blog\/embramaco-leva-expo-revestir-para-o-metaverso-saiba-mais-sobre-essa-inovacao\/","title":{"rendered":"Embramaco leva Expo Revestir para o Metaverso! Saiba mais sobre essa inova\u00e7\u00e3o.\u00a0"},"content":{"rendered":"\n<p><strong>VPor Thiago Toshio Ogusklo: Creative Technologist &#8211;\u00a0 Chief Metaverse Officer: Cofundador e produtor de conte\u00fado imersivo da GoVision\u00a0<\/strong><\/p>\n\n\n\n<p>O arquiteto L\u00facio Costa definiu a arquitetura com a frase \u201cA arquitetura \u00e9 antes de mais nada constru\u00e7\u00e3o, mas constru\u00e7\u00e3o concebida com o <\/p>\n\n\n\n<p>O metaverso \u00e9 inadi\u00e1vel. Talvez algumas pessoas ainda n\u00e3o estejam familiarizadas com ele, mas seus filhos provavelmente est\u00e3o. Muitos jogos multiplayers (como Roblox, Minecraft e Fortnite) transcorrem num espa\u00e7o digital que se configura como uma \u00e1rea social, usada por crian\u00e7as e jovens como ponto de encontro, com fun\u00e7\u00e3o semelhante \u00e0s das pra\u00e7as e outros ambientes frequentados pelos pais, antigamente, para socializar.&nbsp;<\/p>\n\n\n\n<p>Como o pr\u00f3prio nome sugere, o metaverso est\u00e1 para al\u00e9m do universo: ele transborda para o virtual. Algumas de suas caracter\u00edsticas principais s\u00e3o: a persist\u00eancia (n\u00e3o \u00e9 poss\u00edvel interromp\u00ea-lo ou reinici\u00e1-lo, j\u00e1 que ele existe em paralelo com a vida real), seu car\u00e1ter ilimitado (como ele ocorre em tempo real, n\u00e3o h\u00e1 limites para a quantidade de pessoas que o acessam) e sua economia plena (que se conecta ao mundo f\u00edsico e ao digital, \u00e0s redes p\u00fablicas e privadas, a plataformas abertas e fechadas, perseguindo a ideia de unir os universos). Uma grande variedade de tecnologias est\u00e3o ligadas ao metaverso, como os \u00f3culos de imers\u00e3o (que teletransportam o usu\u00e1rio para um universo sint\u00e9tico de realidade virtual, onde os movimentos e experi\u00eancias s\u00e3o simulados) e os \u00f3culos de realidade aumentada (que trazem elementos de um universo virtual para a realidade do usu\u00e1rio, a exemplo dos filtros de aplicativos), permitindo que iniciativas que est\u00e3o no mundo f\u00edsico se propaguem para os ambientes digitais criando um ecossistema com propriedades relacionais profundas e eficientes para pessoas que est\u00e3o separadas geograficamente.&nbsp;<\/p>\n\n\n\n<p>O 5G tamb\u00e9m \u00e9 um fator relevante para o metaverso, porque sua velocidade extraordin\u00e1ria de processamento e sua capacidade de gerar uma infinidade de dados permitem o avan\u00e7o e a converg\u00eancia das mais poderosas tecnologias: a internet das coisas, a intelig\u00eancia artificial, os sensores que poder\u00e3o ser inseridos nos bot\u00f5es das nossas roupas, ou at\u00e9 nas nossas c\u00e9lulas, produzindo informa\u00e7\u00f5es em tempo real que no futuro ser\u00e3o inseridas no metaverso.&nbsp;&nbsp;<\/p>\n\n\n\n<p>O tema da \u201crealidade virtual\u201d cresceu discretamente nos \u00faltimos 10 anos e se afastou das massas em pequenos nichos. Os entusiastas da realidade virtual tentam conciliar os desafios de um mundo virtual com o mundo f\u00edsico e real usando dispositivos que \u00e0s vezes s\u00e3o de dif\u00edcil acesso, como os Headsets VR, conhecidos como \u00f3culos de realidade virtual.&nbsp;&nbsp;<\/p>\n\n\n\n<p>Para Thiago Toshio, os desenvolvimentos atuais fazem parte de uma evolu\u00e7\u00e3o natural da tecnologia que come\u00e7ou em um PC, passou para o mobile e caminha para a realidade virtual.&nbsp;&nbsp;<\/p>\n\n\n\n<p>\u201cJuntar-se a um espa\u00e7o 3D assim como nos populares jogos multiplayers, nos quais os participantes podem se movimentar, ouvir conversas ao seu redor usando \u00e1udio espacial e interagir com outros usu\u00e1rios, torna os eventos virtuais muito mais humanos. A intera\u00e7\u00e3o dentro de um Headset VR leva toda a experi\u00eancia a um novo n\u00edvel, mas o desafio atual \u00e9 criar experi\u00eancias em que a maioria das pessoas no in\u00edcio de 2022 est\u00e1 ingressando em monitores de tela plana ou em seus smartphones.\u201d&nbsp;&nbsp;<\/p>\n\n\n\n<p>O usu\u00e1rio n\u00e3o apenas olha para uma parede de v\u00eddeo, mas tamb\u00e9m experimenta um mundo virtual, assim como faria na realidade. A ideia central por tr\u00e1s disso \u00e9 apelar para todos ossentidos do usu\u00e1rio. O movimento com um \u201ceu artificial\u201d (tamb\u00e9m chamado de avatar) promove a pr\u00f3pria identifica\u00e7\u00e3o. Al\u00e9m do avatar, as webcams dos participantes tamb\u00e9m s\u00e3o exibidas para estabelecer um link para pessoas reais.&nbsp;&nbsp;<\/p>\n\n\n\n<p>Para as marcas, uma ampla gama de oportunidades nasce dessa explos\u00e3o de tecnologias que, cada vez mais, tendem a se conectar entre si. Um exemplo \u00e9 quando grandes corpora\u00e7\u00f5es de vanguarda de repente come\u00e7am a se dedicar 100% a esse tema e como no caso do Facebook.&nbsp;&nbsp;<\/p>\n\n\n\n<p>No momento, parece que grandes marcas de diversos setores est\u00e3o mergulhando os p\u00e9s no metaverso.&nbsp;&nbsp;<\/p>\n\n\n\n<p>Assim como muitos no in\u00edcio dos anos 2000 pensaram que nunca precisariam de uma presen\u00e7a na m\u00eddia social, as marcas na d\u00e9cada de 2020 precisar\u00e3o come\u00e7ar a configurar equipes metaversas que ir\u00e3o ajud\u00e1-las a entrar na era da Web 3.0.&nbsp;&nbsp;<\/p>\n\n\n\n<p>\u00c9 fundamental desenvolver uma estrat\u00e9gia de como transferir suas atividades para o mundo virtual e preparar seu neg\u00f3cio para a realidade virtual j\u00e1 hoje.&nbsp;&nbsp;<\/p>\n\n\n\n<p>Construir um metaverso em torno de sua marca atualmente significa criar um design de engajamento orientado para o usu\u00e1rio que inclui experi\u00eancias digitais totalmente imersas, para que os usu\u00e1rios tenham interesse em interagir com o seu produto e se envolver em um n\u00edvel mais profundo.&nbsp;&nbsp;<\/p>\n\n\n\n<p>Uma nova intera\u00e7\u00e3o da internet est\u00e1 sendo trabalhada e isso ter\u00e1 implica\u00e7\u00f5es enormes para a sociedade. Profissionais de marketing, comunica\u00e7\u00e3o e branding enfrentar\u00e3o novos desafios, mas tamb\u00e9m novas oportunidades. Esta nova era do metaverso ir\u00e1 desencadear uma criatividade incr\u00edvel e abrir novas fronteiras e horizontes para marcas e neg\u00f3cios. Aqueles que entenderem a cultura on-line, arte digital e experi\u00eancias de jogos prosperar\u00e3o no metaverso. \u201cImersivo\u201d \u00e9 a palavra m\u00e1gica aqui.&nbsp;<\/p>\n\n\n\n<p><\/p>\n","protected":false},"excerpt":{"rendered":"<p>VPor Thiago Toshio Ogusklo: Creative Technologist &#8211;\u00a0 Chief Metaverse Officer: Cofundador e produtor de conte\u00fado imersivo da GoVision\u00a0 O arquiteto L\u00facio Costa definiu a arquitetura com a frase \u201cA arquitetura \u00e9 antes de mais nada constru\u00e7\u00e3o, mas constru\u00e7\u00e3o concebida com o O metaverso \u00e9 inadi\u00e1vel. Talvez algumas pessoas ainda n\u00e3o estejam familiarizadas com ele, mas [&hellip;]<\/p>\n","protected":false},"author":2,"featured_media":175,"comment_status":"open","ping_status":"open","sticky":false,"template":"","format":"standard","meta":{"_mi_skip_tracking":false},"categories":[19],"tags":[],"yoast_head":"<!-- This site is optimized with the Yoast SEO plugin v18.8 - https:\/\/yoast.com\/wordpress\/plugins\/seo\/ -->\n<title>Embramaco leva Expo Revestir para o Metaverso! Saiba mais sobre essa inova\u00e7\u00e3o.\u00a0 - Embramaco - Blog<\/title>\n<meta name=\"robots\" content=\"index, follow, max-snippet:-1, max-image-preview:large, max-video-preview:-1\" \/>\n<link rel=\"canonical\" href=\"https:\/\/www.embramaco.com.br\/blog\/embramaco-leva-expo-revestir-para-o-metaverso-saiba-mais-sobre-essa-inovacao\/\" \/>\n<meta property=\"og:locale\" content=\"pt_BR\" \/>\n<meta property=\"og:type\" content=\"article\" \/>\n<meta property=\"og:title\" content=\"Embramaco leva Expo Revestir para o Metaverso! Saiba mais sobre essa inova\u00e7\u00e3o.\u00a0 - Embramaco - Blog\" \/>\n<meta property=\"og:description\" content=\"VPor Thiago Toshio Ogusklo: Creative Technologist &#8211;\u00a0 Chief Metaverse Officer: Cofundador e produtor de conte\u00fado imersivo da GoVision\u00a0 O arquiteto L\u00facio Costa definiu a arquitetura com a frase \u201cA arquitetura \u00e9 antes de mais nada constru\u00e7\u00e3o, mas constru\u00e7\u00e3o concebida com o O metaverso \u00e9 inadi\u00e1vel. Talvez algumas pessoas ainda n\u00e3o estejam familiarizadas com ele, mas [&hellip;]\" \/>\n<meta property=\"og:url\" content=\"https:\/\/www.embramaco.com.br\/blog\/embramaco-leva-expo-revestir-para-o-metaverso-saiba-mais-sobre-essa-inovacao\/\" \/>\n<meta property=\"og:site_name\" content=\"Embramaco - Blog\" \/>\n<meta property=\"article:published_time\" content=\"2022-05-09T01:12:48+00:00\" \/>\n<meta property=\"article:modified_time\" content=\"2022-08-17T11:06:02+00:00\" \/>\n<meta property=\"og:image\" content=\"https:\/\/www.embramaco.com.br\/blog\/wp-content\/uploads\/2022\/05\/Metaverse-novo-tamanho.png\" \/>\n\t<meta property=\"og:image:width\" content=\"1344\" \/>\n\t<meta property=\"og:image:height\" content=\"868\" \/>\n\t<meta property=\"og:image:type\" content=\"image\/png\" \/>\n<meta name=\"twitter:card\" content=\"summary_large_image\" \/>\n<meta name=\"twitter:label1\" content=\"Escrito por\" \/>\n\t<meta name=\"twitter:data1\" content=\"Grupo Embramaco\" \/>\n\t<meta name=\"twitter:label2\" content=\"Est. tempo de leitura\" \/>\n\t<meta name=\"twitter:data2\" content=\"5 minutos\" \/>\n<script type=\"application\/ld+json\" class=\"yoast-schema-graph\">{\"@context\":\"https:\/\/schema.org\",\"@graph\":[{\"@type\":\"WebSite\",\"@id\":\"https:\/\/www.embramaco.com.br\/blog\/#website\",\"url\":\"https:\/\/www.embramaco.com.br\/blog\/\",\"name\":\"Embramaco - Blog\",\"description\":\"S\u00f3 mais um site WordPress\",\"potentialAction\":[{\"@type\":\"SearchAction\",\"target\":{\"@type\":\"EntryPoint\",\"urlTemplate\":\"https:\/\/www.embramaco.com.br\/blog\/?s={search_term_string}\"},\"query-input\":\"required name=search_term_string\"}],\"inLanguage\":\"pt-BR\"},{\"@type\":\"ImageObject\",\"inLanguage\":\"pt-BR\",\"@id\":\"https:\/\/www.embramaco.com.br\/blog\/embramaco-leva-expo-revestir-para-o-metaverso-saiba-mais-sobre-essa-inovacao\/#primaryimage\",\"url\":\"https:\/\/www.embramaco.com.br\/blog\/wp-content\/uploads\/2022\/05\/Metaverse-novo-tamanho.png\",\"contentUrl\":\"https:\/\/www.embramaco.com.br\/blog\/wp-content\/uploads\/2022\/05\/Metaverse-novo-tamanho.png\",\"width\":1344,\"height\":868},{\"@type\":\"WebPage\",\"@id\":\"https:\/\/www.embramaco.com.br\/blog\/embramaco-leva-expo-revestir-para-o-metaverso-saiba-mais-sobre-essa-inovacao\/#webpage\",\"url\":\"https:\/\/www.embramaco.com.br\/blog\/embramaco-leva-expo-revestir-para-o-metaverso-saiba-mais-sobre-essa-inovacao\/\",\"name\":\"Embramaco leva Expo Revestir para o Metaverso! Saiba mais sobre essa inova\u00e7\u00e3o.\u00a0 - Embramaco - Blog\",\"isPartOf\":{\"@id\":\"https:\/\/www.embramaco.com.br\/blog\/#website\"},\"primaryImageOfPage\":{\"@id\":\"https:\/\/www.embramaco.com.br\/blog\/embramaco-leva-expo-revestir-para-o-metaverso-saiba-mais-sobre-essa-inovacao\/#primaryimage\"},\"datePublished\":\"2022-05-09T01:12:48+00:00\",\"dateModified\":\"2022-08-17T11:06:02+00:00\",\"author\":{\"@id\":\"https:\/\/www.embramaco.com.br\/blog\/#\/schema\/person\/d64e37130dda8701cf952adcf41a33cd\"},\"breadcrumb\":{\"@id\":\"https:\/\/www.embramaco.com.br\/blog\/embramaco-leva-expo-revestir-para-o-metaverso-saiba-mais-sobre-essa-inovacao\/#breadcrumb\"},\"inLanguage\":\"pt-BR\",\"potentialAction\":[{\"@type\":\"ReadAction\",\"target\":[\"https:\/\/www.embramaco.com.br\/blog\/embramaco-leva-expo-revestir-para-o-metaverso-saiba-mais-sobre-essa-inovacao\/\"]}]},{\"@type\":\"BreadcrumbList\",\"@id\":\"https:\/\/www.embramaco.com.br\/blog\/embramaco-leva-expo-revestir-para-o-metaverso-saiba-mais-sobre-essa-inovacao\/#breadcrumb\",\"itemListElement\":[{\"@type\":\"ListItem\",\"position\":1,\"name\":\"In\u00edcio\",\"item\":\"https:\/\/www.embramaco.com.br\/blog\/\"},{\"@type\":\"ListItem\",\"position\":2,\"name\":\"Embramaco leva Expo Revestir para o Metaverso! Saiba mais sobre essa inova\u00e7\u00e3o.\u00a0\"}]},{\"@type\":\"Person\",\"@id\":\"https:\/\/www.embramaco.com.br\/blog\/#\/schema\/person\/d64e37130dda8701cf952adcf41a33cd\",\"name\":\"Grupo Embramaco\",\"image\":{\"@type\":\"ImageObject\",\"inLanguage\":\"pt-BR\",\"@id\":\"https:\/\/www.embramaco.com.br\/blog\/#\/schema\/person\/image\/\",\"url\":\"https:\/\/secure.gravatar.com\/avatar\/4d651cf8eb0c4f84e49f4057686d2544?s=96&d=mm&r=g\",\"contentUrl\":\"https:\/\/secure.gravatar.com\/avatar\/4d651cf8eb0c4f84e49f4057686d2544?s=96&d=mm&r=g\",\"caption\":\"Grupo Embramaco\"},\"url\":\"https:\/\/www.embramaco.com.br\/blog\/author\/grupo-embramaco\/\"}]}<\/script>\n<!-- \/ Yoast SEO plugin. -->","yoast_head_json":{"title":"Embramaco leva Expo Revestir para o Metaverso! Saiba mais sobre essa inova\u00e7\u00e3o.\u00a0 - Embramaco - Blog","robots":{"index":"index","follow":"follow","max-snippet":"max-snippet:-1","max-image-preview":"max-image-preview:large","max-video-preview":"max-video-preview:-1"},"canonical":"https:\/\/www.embramaco.com.br\/blog\/embramaco-leva-expo-revestir-para-o-metaverso-saiba-mais-sobre-essa-inovacao\/","og_locale":"pt_BR","og_type":"article","og_title":"Embramaco leva Expo Revestir para o Metaverso! Saiba mais sobre essa inova\u00e7\u00e3o.\u00a0 - Embramaco - Blog","og_description":"VPor Thiago Toshio Ogusklo: Creative Technologist &#8211;\u00a0 Chief Metaverse Officer: Cofundador e produtor de conte\u00fado imersivo da GoVision\u00a0 O arquiteto L\u00facio Costa definiu a arquitetura com a frase \u201cA arquitetura \u00e9 antes de mais nada constru\u00e7\u00e3o, mas constru\u00e7\u00e3o concebida com o O metaverso \u00e9 inadi\u00e1vel. Talvez algumas pessoas ainda n\u00e3o estejam familiarizadas com ele, mas [&hellip;]","og_url":"https:\/\/www.embramaco.com.br\/blog\/embramaco-leva-expo-revestir-para-o-metaverso-saiba-mais-sobre-essa-inovacao\/","og_site_name":"Embramaco - Blog","article_published_time":"2022-05-09T01:12:48+00:00","article_modified_time":"2022-08-17T11:06:02+00:00","og_image":[{"width":1344,"height":868,"url":"https:\/\/www.embramaco.com.br\/blog\/wp-content\/uploads\/2022\/05\/Metaverse-novo-tamanho.png","type":"image\/png"}],"twitter_card":"summary_large_image","twitter_misc":{"Escrito por":"Grupo Embramaco","Est. tempo de leitura":"5 minutos"},"schema":{"@context":"https:\/\/schema.org","@graph":[{"@type":"WebSite","@id":"https:\/\/www.embramaco.com.br\/blog\/#website","url":"https:\/\/www.embramaco.com.br\/blog\/","name":"Embramaco - Blog","description":"S\u00f3 mais um site WordPress","potentialAction":[{"@type":"SearchAction","target":{"@type":"EntryPoint","urlTemplate":"https:\/\/www.embramaco.com.br\/blog\/?s={search_term_string}"},"query-input":"required name=search_term_string"}],"inLanguage":"pt-BR"},{"@type":"ImageObject","inLanguage":"pt-BR","@id":"https:\/\/www.embramaco.com.br\/blog\/embramaco-leva-expo-revestir-para-o-metaverso-saiba-mais-sobre-essa-inovacao\/#primaryimage","url":"https:\/\/www.embramaco.com.br\/blog\/wp-content\/uploads\/2022\/05\/Metaverse-novo-tamanho.png","contentUrl":"https:\/\/www.embramaco.com.br\/blog\/wp-content\/uploads\/2022\/05\/Metaverse-novo-tamanho.png","width":1344,"height":868},{"@type":"WebPage","@id":"https:\/\/www.embramaco.com.br\/blog\/embramaco-leva-expo-revestir-para-o-metaverso-saiba-mais-sobre-essa-inovacao\/#webpage","url":"https:\/\/www.embramaco.com.br\/blog\/embramaco-leva-expo-revestir-para-o-metaverso-saiba-mais-sobre-essa-inovacao\/","name":"Embramaco leva Expo Revestir para o Metaverso! Saiba mais sobre essa inova\u00e7\u00e3o.\u00a0 - Embramaco - Blog","isPartOf":{"@id":"https:\/\/www.embramaco.com.br\/blog\/#website"},"primaryImageOfPage":{"@id":"https:\/\/www.embramaco.com.br\/blog\/embramaco-leva-expo-revestir-para-o-metaverso-saiba-mais-sobre-essa-inovacao\/#primaryimage"},"datePublished":"2022-05-09T01:12:48+00:00","dateModified":"2022-08-17T11:06:02+00:00","author":{"@id":"https:\/\/www.embramaco.com.br\/blog\/#\/schema\/person\/d64e37130dda8701cf952adcf41a33cd"},"breadcrumb":{"@id":"https:\/\/www.embramaco.com.br\/blog\/embramaco-leva-expo-revestir-para-o-metaverso-saiba-mais-sobre-essa-inovacao\/#breadcrumb"},"inLanguage":"pt-BR","potentialAction":[{"@type":"ReadAction","target":["https:\/\/www.embramaco.com.br\/blog\/embramaco-leva-expo-revestir-para-o-metaverso-saiba-mais-sobre-essa-inovacao\/"]}]},{"@type":"BreadcrumbList","@id":"https:\/\/www.embramaco.com.br\/blog\/embramaco-leva-expo-revestir-para-o-metaverso-saiba-mais-sobre-essa-inovacao\/#breadcrumb","itemListElement":[{"@type":"ListItem","position":1,"name":"In\u00edcio","item":"https:\/\/www.embramaco.com.br\/blog\/"},{"@type":"ListItem","position":2,"name":"Embramaco leva Expo Revestir para o Metaverso! Saiba mais sobre essa inova\u00e7\u00e3o.\u00a0"}]},{"@type":"Person","@id":"https:\/\/www.embramaco.com.br\/blog\/#\/schema\/person\/d64e37130dda8701cf952adcf41a33cd","name":"Grupo Embramaco","image":{"@type":"ImageObject","inLanguage":"pt-BR","@id":"https:\/\/www.embramaco.com.br\/blog\/#\/schema\/person\/image\/","url":"https:\/\/secure.gravatar.com\/avatar\/4d651cf8eb0c4f84e49f4057686d2544?s=96&d=mm&r=g","contentUrl":"https:\/\/secure.gravatar.com\/avatar\/4d651cf8eb0c4f84e49f4057686d2544?s=96&d=mm&r=g","caption":"Grupo Embramaco"},"url":"https:\/\/www.embramaco.com.br\/blog\/author\/grupo-embramaco\/"}]}},"amp_enabled":true,"_links":{"self":[{"href":"https:\/\/www.embramaco.com.br\/blog\/wp-json\/wp\/v2\/posts\/177"}],"collection":[{"href":"https:\/\/www.embramaco.com.br\/blog\/wp-json\/wp\/v2\/posts"}],"about":[{"href":"https:\/\/www.embramaco.com.br\/blog\/wp-json\/wp\/v2\/types\/post"}],"author":[{"embeddable":true,"href":"https:\/\/www.embramaco.com.br\/blog\/wp-json\/wp\/v2\/users\/2"}],"replies":[{"embeddable":true,"href":"https:\/\/www.embramaco.com.br\/blog\/wp-json\/wp\/v2\/comments?post=177"}],"version-history":[{"count":1,"href":"https:\/\/www.embramaco.com.br\/blog\/wp-json\/wp\/v2\/posts\/177\/revisions"}],"predecessor-version":[{"id":178,"href":"https:\/\/www.embramaco.com.br\/blog\/wp-json\/wp\/v2\/posts\/177\/revisions\/178"}],"wp:featuredmedia":[{"embeddable":true,"href":"https:\/\/www.embramaco.com.br\/blog\/wp-json\/wp\/v2\/media\/175"}],"wp:attachment":[{"href":"https:\/\/www.embramaco.com.br\/blog\/wp-json\/wp\/v2\/media?parent=177"}],"wp:term":[{"taxonomy":"category","embeddable":true,"href":"https:\/\/www.embramaco.com.br\/blog\/wp-json\/wp\/v2\/categories?post=177"},{"taxonomy":"post_tag","embeddable":true,"href":"https:\/\/www.embramaco.com.br\/blog\/wp-json\/wp\/v2\/tags?post=177"}],"curies":[{"name":"wp","href":"https:\/\/api.w.org\/{rel}","templated":true}]}}