{"id":179,"date":"2022-05-08T22:14:19","date_gmt":"2022-05-09T01:14:19","guid":{"rendered":"https:\/\/www.embramaco.com.br\/blog\/?p=179"},"modified":"2022-08-17T08:06:15","modified_gmt":"2022-08-17T11:06:15","slug":"producao-de-porcelanato-aumentara-mais-de-40-saiba-mais","status":"publish","type":"post","link":"https:\/\/www.embramaco.com.br\/blog\/producao-de-porcelanato-aumentara-mais-de-40-saiba-mais\/","title":{"rendered":"Produ\u00e7\u00e3o de porcelanato aumentar\u00e1 mais de 40%, saiba mais!"},"content":{"rendered":"\n<p><\/p>\n\n\n\n<p>At\u00e9 o final de 2022, a capacidade de produ\u00e7\u00e3o da Embramaco Porcelanato saltar\u00e1 de 1.900.000 para 2.700.000 metros quadrados mensais \u2013 o que representar\u00e1 um aumento de aproximadamente 42% na quantidade de pisos e revestimentos ofertados pela empresa aos seus clientes.&nbsp;<\/p>\n\n\n\n<p>Segundo o Gerente T\u00e9cnico Qu\u00edmico, Thales Eduardo Secco, essa amplia\u00e7\u00e3o ser\u00e1 poss\u00edvel por interm\u00e9dio da inaugura\u00e7\u00e3o de uma nova linha que produzir\u00e1 800.000 metros quadrados de porcelanatos mensalmente.&nbsp;<\/p>\n\n\n\n<p>A quantidade, por\u00e9m, n\u00e3o ser\u00e1 o \u00fanico diferencial da planta que, de acordo com as estimativas do Gerente, dever\u00e1 entrar em opera\u00e7\u00e3o provavelmente at\u00e9 outubro.&nbsp;<\/p>\n\n\n\n<p>Essa nova linha permitir\u00e1, por exemplo, diversificar os grandes formatos e definir os tamanhos n\u00e3o por moldes, como atualmente, por\u00e9m diretamente no computador.&nbsp;<\/p>\n\n\n\n<p>Com tecnologia italiana, as duas novas prensas tamb\u00e9m proporcionar\u00e3o uma compacta\u00e7\u00e3o mais uniforme, o que, explica Thales Secco, resultar\u00e1 e favorecer\u00e1 a homogeneidade dos pisos e revestimentos.&nbsp;<\/p>\n\n\n\n<p><\/p>\n","protected":false},"excerpt":{"rendered":"<p>At\u00e9 o final de 2022, a capacidade de produ\u00e7\u00e3o da Embramaco Porcelanato saltar\u00e1 de 1.900.000 para 2.700.000 metros quadrados mensais \u2013 o que representar\u00e1 um aumento de aproximadamente 42% na quantidade de pisos e revestimentos ofertados pela empresa aos seus clientes.&nbsp; Segundo o Gerente T\u00e9cnico Qu\u00edmico, Thales Eduardo Secco, essa amplia\u00e7\u00e3o ser\u00e1 poss\u00edvel por interm\u00e9dio [&hellip;]<\/p>\n","protected":false},"author":2,"featured_media":174,"comment_status":"open","ping_status":"open","sticky":false,"template":"","format":"standard","meta":{"_mi_skip_tracking":false},"categories":[462],"tags":[],"yoast_head":"<!-- This site is optimized with the Yoast SEO plugin v18.8 - https:\/\/yoast.com\/wordpress\/plugins\/seo\/ -->\n<title>Produ\u00e7\u00e3o de porcelanato aumentar\u00e1 mais de 40%, saiba mais! - Embramaco - Blog<\/title>\n<meta name=\"robots\" content=\"index, follow, max-snippet:-1, max-image-preview:large, max-video-preview:-1\" \/>\n<link rel=\"canonical\" href=\"https:\/\/www.embramaco.com.br\/blog\/producao-de-porcelanato-aumentara-mais-de-40-saiba-mais\/\" \/>\n<meta property=\"og:locale\" content=\"pt_BR\" \/>\n<meta property=\"og:type\" content=\"article\" \/>\n<meta property=\"og:title\" content=\"Produ\u00e7\u00e3o de porcelanato aumentar\u00e1 mais de 40%, saiba mais! - Embramaco - Blog\" \/>\n<meta property=\"og:description\" content=\"At\u00e9 o final de 2022, a capacidade de produ\u00e7\u00e3o da Embramaco Porcelanato saltar\u00e1 de 1.900.000 para 2.700.000 metros quadrados mensais \u2013 o que representar\u00e1 um aumento de aproximadamente 42% na quantidade de pisos e revestimentos ofertados pela empresa aos seus clientes.&nbsp; Segundo o Gerente T\u00e9cnico Qu\u00edmico, Thales Eduardo Secco, essa amplia\u00e7\u00e3o ser\u00e1 poss\u00edvel por interm\u00e9dio [&hellip;]\" \/>\n<meta property=\"og:url\" content=\"https:\/\/www.embramaco.com.br\/blog\/producao-de-porcelanato-aumentara-mais-de-40-saiba-mais\/\" \/>\n<meta property=\"og:site_name\" content=\"Embramaco - Blog\" \/>\n<meta property=\"article:published_time\" content=\"2022-05-09T01:14:19+00:00\" \/>\n<meta property=\"article:modified_time\" content=\"2022-08-17T11:06:15+00:00\" \/>\n<meta property=\"og:image\" content=\"https:\/\/www.embramaco.com.br\/blog\/wp-content\/uploads\/2022\/05\/Arquitetura-2-novo-tamanho.png\" \/>\n\t<meta property=\"og:image:width\" content=\"1344\" \/>\n\t<meta property=\"og:image:height\" content=\"868\" \/>\n\t<meta property=\"og:image:type\" content=\"image\/png\" \/>\n<meta name=\"twitter:card\" content=\"summary_large_image\" \/>\n<meta name=\"twitter:label1\" content=\"Escrito por\" \/>\n\t<meta name=\"twitter:data1\" content=\"Grupo Embramaco\" \/>\n\t<meta name=\"twitter:label2\" content=\"Est. tempo de leitura\" \/>\n\t<meta name=\"twitter:data2\" content=\"1 minuto\" \/>\n<script type=\"application\/ld+json\" class=\"yoast-schema-graph\">{\"@context\":\"https:\/\/schema.org\",\"@graph\":[{\"@type\":\"WebSite\",\"@id\":\"https:\/\/www.embramaco.com.br\/blog\/#website\",\"url\":\"https:\/\/www.embramaco.com.br\/blog\/\",\"name\":\"Embramaco - Blog\",\"description\":\"S\u00f3 mais um site WordPress\",\"potentialAction\":[{\"@type\":\"SearchAction\",\"target\":{\"@type\":\"EntryPoint\",\"urlTemplate\":\"https:\/\/www.embramaco.com.br\/blog\/?s={search_term_string}\"},\"query-input\":\"required name=search_term_string\"}],\"inLanguage\":\"pt-BR\"},{\"@type\":\"ImageObject\",\"inLanguage\":\"pt-BR\",\"@id\":\"https:\/\/www.embramaco.com.br\/blog\/producao-de-porcelanato-aumentara-mais-de-40-saiba-mais\/#primaryimage\",\"url\":\"https:\/\/www.embramaco.com.br\/blog\/wp-content\/uploads\/2022\/05\/Arquitetura-2-novo-tamanho.png\",\"contentUrl\":\"https:\/\/www.embramaco.com.br\/blog\/wp-content\/uploads\/2022\/05\/Arquitetura-2-novo-tamanho.png\",\"width\":1344,\"height\":868},{\"@type\":\"WebPage\",\"@id\":\"https:\/\/www.embramaco.com.br\/blog\/producao-de-porcelanato-aumentara-mais-de-40-saiba-mais\/#webpage\",\"url\":\"https:\/\/www.embramaco.com.br\/blog\/producao-de-porcelanato-aumentara-mais-de-40-saiba-mais\/\",\"name\":\"Produ\u00e7\u00e3o de porcelanato aumentar\u00e1 mais de 40%, saiba mais! - Embramaco - Blog\",\"isPartOf\":{\"@id\":\"https:\/\/www.embramaco.com.br\/blog\/#website\"},\"primaryImageOfPage\":{\"@id\":\"https:\/\/www.embramaco.com.br\/blog\/producao-de-porcelanato-aumentara-mais-de-40-saiba-mais\/#primaryimage\"},\"datePublished\":\"2022-05-09T01:14:19+00:00\",\"dateModified\":\"2022-08-17T11:06:15+00:00\",\"author\":{\"@id\":\"https:\/\/www.embramaco.com.br\/blog\/#\/schema\/person\/d64e37130dda8701cf952adcf41a33cd\"},\"breadcrumb\":{\"@id\":\"https:\/\/www.embramaco.com.br\/blog\/producao-de-porcelanato-aumentara-mais-de-40-saiba-mais\/#breadcrumb\"},\"inLanguage\":\"pt-BR\",\"potentialAction\":[{\"@type\":\"ReadAction\",\"target\":[\"https:\/\/www.embramaco.com.br\/blog\/producao-de-porcelanato-aumentara-mais-de-40-saiba-mais\/\"]}]},{\"@type\":\"BreadcrumbList\",\"@id\":\"https:\/\/www.embramaco.com.br\/blog\/producao-de-porcelanato-aumentara-mais-de-40-saiba-mais\/#breadcrumb\",\"itemListElement\":[{\"@type\":\"ListItem\",\"position\":1,\"name\":\"In\u00edcio\",\"item\":\"https:\/\/www.embramaco.com.br\/blog\/\"},{\"@type\":\"ListItem\",\"position\":2,\"name\":\"Produ\u00e7\u00e3o de porcelanato aumentar\u00e1 mais de 40%, saiba mais!\"}]},{\"@type\":\"Person\",\"@id\":\"https:\/\/www.embramaco.com.br\/blog\/#\/schema\/person\/d64e37130dda8701cf952adcf41a33cd\",\"name\":\"Grupo Embramaco\",\"image\":{\"@type\":\"ImageObject\",\"inLanguage\":\"pt-BR\",\"@id\":\"https:\/\/www.embramaco.com.br\/blog\/#\/schema\/person\/image\/\",\"url\":\"https:\/\/secure.gravatar.com\/avatar\/4d651cf8eb0c4f84e49f4057686d2544?s=96&d=mm&r=g\",\"contentUrl\":\"https:\/\/secure.gravatar.com\/avatar\/4d651cf8eb0c4f84e49f4057686d2544?s=96&d=mm&r=g\",\"caption\":\"Grupo Embramaco\"},\"url\":\"https:\/\/www.embramaco.com.br\/blog\/author\/grupo-embramaco\/\"}]}<\/script>\n<!-- \/ Yoast SEO plugin. -->","yoast_head_json":{"title":"Produ\u00e7\u00e3o de porcelanato aumentar\u00e1 mais de 40%, saiba mais! - Embramaco - Blog","robots":{"index":"index","follow":"follow","max-snippet":"max-snippet:-1","max-image-preview":"max-image-preview:large","max-video-preview":"max-video-preview:-1"},"canonical":"https:\/\/www.embramaco.com.br\/blog\/producao-de-porcelanato-aumentara-mais-de-40-saiba-mais\/","og_locale":"pt_BR","og_type":"article","og_title":"Produ\u00e7\u00e3o de porcelanato aumentar\u00e1 mais de 40%, saiba mais! - Embramaco - Blog","og_description":"At\u00e9 o final de 2022, a capacidade de produ\u00e7\u00e3o da Embramaco Porcelanato saltar\u00e1 de 1.900.000 para 2.700.000 metros quadrados mensais \u2013 o que representar\u00e1 um aumento de aproximadamente 42% na quantidade de pisos e revestimentos ofertados pela empresa aos seus clientes.&nbsp; Segundo o Gerente T\u00e9cnico Qu\u00edmico, Thales Eduardo Secco, essa amplia\u00e7\u00e3o ser\u00e1 poss\u00edvel por interm\u00e9dio [&hellip;]","og_url":"https:\/\/www.embramaco.com.br\/blog\/producao-de-porcelanato-aumentara-mais-de-40-saiba-mais\/","og_site_name":"Embramaco - Blog","article_published_time":"2022-05-09T01:14:19+00:00","article_modified_time":"2022-08-17T11:06:15+00:00","og_image":[{"width":1344,"height":868,"url":"https:\/\/www.embramaco.com.br\/blog\/wp-content\/uploads\/2022\/05\/Arquitetura-2-novo-tamanho.png","type":"image\/png"}],"twitter_card":"summary_large_image","twitter_misc":{"Escrito por":"Grupo Embramaco","Est. tempo de leitura":"1 minuto"},"schema":{"@context":"https:\/\/schema.org","@graph":[{"@type":"WebSite","@id":"https:\/\/www.embramaco.com.br\/blog\/#website","url":"https:\/\/www.embramaco.com.br\/blog\/","name":"Embramaco - Blog","description":"S\u00f3 mais um site WordPress","potentialAction":[{"@type":"SearchAction","target":{"@type":"EntryPoint","urlTemplate":"https:\/\/www.embramaco.com.br\/blog\/?s={search_term_string}"},"query-input":"required name=search_term_string"}],"inLanguage":"pt-BR"},{"@type":"ImageObject","inLanguage":"pt-BR","@id":"https:\/\/www.embramaco.com.br\/blog\/producao-de-porcelanato-aumentara-mais-de-40-saiba-mais\/#primaryimage","url":"https:\/\/www.embramaco.com.br\/blog\/wp-content\/uploads\/2022\/05\/Arquitetura-2-novo-tamanho.png","contentUrl":"https:\/\/www.embramaco.com.br\/blog\/wp-content\/uploads\/2022\/05\/Arquitetura-2-novo-tamanho.png","width":1344,"height":868},{"@type":"WebPage","@id":"https:\/\/www.embramaco.com.br\/blog\/producao-de-porcelanato-aumentara-mais-de-40-saiba-mais\/#webpage","url":"https:\/\/www.embramaco.com.br\/blog\/producao-de-porcelanato-aumentara-mais-de-40-saiba-mais\/","name":"Produ\u00e7\u00e3o de porcelanato aumentar\u00e1 mais de 40%, saiba mais! - Embramaco - Blog","isPartOf":{"@id":"https:\/\/www.embramaco.com.br\/blog\/#website"},"primaryImageOfPage":{"@id":"https:\/\/www.embramaco.com.br\/blog\/producao-de-porcelanato-aumentara-mais-de-40-saiba-mais\/#primaryimage"},"datePublished":"2022-05-09T01:14:19+00:00","dateModified":"2022-08-17T11:06:15+00:00","author":{"@id":"https:\/\/www.embramaco.com.br\/blog\/#\/schema\/person\/d64e37130dda8701cf952adcf41a33cd"},"breadcrumb":{"@id":"https:\/\/www.embramaco.com.br\/blog\/producao-de-porcelanato-aumentara-mais-de-40-saiba-mais\/#breadcrumb"},"inLanguage":"pt-BR","potentialAction":[{"@type":"ReadAction","target":["https:\/\/www.embramaco.com.br\/blog\/producao-de-porcelanato-aumentara-mais-de-40-saiba-mais\/"]}]},{"@type":"BreadcrumbList","@id":"https:\/\/www.embramaco.com.br\/blog\/producao-de-porcelanato-aumentara-mais-de-40-saiba-mais\/#breadcrumb","itemListElement":[{"@type":"ListItem","position":1,"name":"In\u00edcio","item":"https:\/\/www.embramaco.com.br\/blog\/"},{"@type":"ListItem","position":2,"name":"Produ\u00e7\u00e3o de porcelanato aumentar\u00e1 mais de 40%, saiba mais!"}]},{"@type":"Person","@id":"https:\/\/www.embramaco.com.br\/blog\/#\/schema\/person\/d64e37130dda8701cf952adcf41a33cd","name":"Grupo Embramaco","image":{"@type":"ImageObject","inLanguage":"pt-BR","@id":"https:\/\/www.embramaco.com.br\/blog\/#\/schema\/person\/image\/","url":"https:\/\/secure.gravatar.com\/avatar\/4d651cf8eb0c4f84e49f4057686d2544?s=96&d=mm&r=g","contentUrl":"https:\/\/secure.gravatar.com\/avatar\/4d651cf8eb0c4f84e49f4057686d2544?s=96&d=mm&r=g","caption":"Grupo Embramaco"},"url":"https:\/\/www.embramaco.com.br\/blog\/author\/grupo-embramaco\/"}]}},"amp_enabled":true,"_links":{"self":[{"href":"https:\/\/www.embramaco.com.br\/blog\/wp-json\/wp\/v2\/posts\/179"}],"collection":[{"href":"https:\/\/www.embramaco.com.br\/blog\/wp-json\/wp\/v2\/posts"}],"about":[{"href":"https:\/\/www.embramaco.com.br\/blog\/wp-json\/wp\/v2\/types\/post"}],"author":[{"embeddable":true,"href":"https:\/\/www.embramaco.com.br\/blog\/wp-json\/wp\/v2\/users\/2"}],"replies":[{"embeddable":true,"href":"https:\/\/www.embramaco.com.br\/blog\/wp-json\/wp\/v2\/comments?post=179"}],"version-history":[{"count":1,"href":"https:\/\/www.embramaco.com.br\/blog\/wp-json\/wp\/v2\/posts\/179\/revisions"}],"predecessor-version":[{"id":180,"href":"https:\/\/www.embramaco.com.br\/blog\/wp-json\/wp\/v2\/posts\/179\/revisions\/180"}],"wp:featuredmedia":[{"embeddable":true,"href":"https:\/\/www.embramaco.com.br\/blog\/wp-json\/wp\/v2\/media\/174"}],"wp:attachment":[{"href":"https:\/\/www.embramaco.com.br\/blog\/wp-json\/wp\/v2\/media?parent=179"}],"wp:term":[{"taxonomy":"category","embeddable":true,"href":"https:\/\/www.embramaco.com.br\/blog\/wp-json\/wp\/v2\/categories?post=179"},{"taxonomy":"post_tag","embeddable":true,"href":"https:\/\/www.embramaco.com.br\/blog\/wp-json\/wp\/v2\/tags?post=179"}],"curies":[{"name":"wp","href":"https:\/\/api.w.org\/{rel}","templated":true}]}}